{"id":796,"date":"2026-02-06T01:07:44","date_gmt":"2026-02-06T01:07:44","guid":{"rendered":"https:\/\/realfluencer.hu\/?p=796"},"modified":"2026-02-07T18:58:25","modified_gmt":"2026-02-07T18:58:25","slug":"az-emag-megint-megtevesztette-a-magyarokat-235-millios-birsagot-fizet","status":"publish","type":"post","link":"https:\/\/realfluencer.hu\/index.php\/2026\/02\/06\/az-emag-megint-megtevesztette-a-magyarokat-235-millios-birsagot-fizet\/","title":{"rendered":"Az eMAG megint megt\u00e9vesztette a magyarokat, 235 milli\u00f3s b\u00edrs\u00e1got fizet"},"content":{"rendered":"\n<p>Az eMAG megint megt\u00e9vesztette a magyarokat, 235 milli\u00f3s b\u00edrs\u00e1got fizet Budapest, 2026. janu\u00e1r 30. \u2013 T\u00f6bb jogs\u00e9rt\u00e9st is elk\u00f6vetett az eMAG Magyarorsz\u00e1g Kft. \u2013 t\u00e1rta fel a Gazdas\u00e1gi Versenyhivatal (GVH). A rom\u00e1niai k\u00f6zpont\u00fa e-kereskedelmi c\u00e9g t\u00f6bb szempontb\u00f3l is tisztess\u00e9gtelen kereskedelmi gyakorlatot folytatott \u00e9s nem megfelel\u0151en t\u00e1j\u00e9koztatta a magyar v\u00e1s\u00e1rl\u00f3kat. A GVH Versenytan\u00e1csa ez\u00e9rt 235 milli\u00f3 forint b\u00edrs\u00e1got szabott ki a web\u00e1ruh\u00e1zat m\u0171k\u00f6dtet\u0151 v\u00e1llalkoz\u00e1sra. A c\u00e9g elismerte a jogs\u00e9rt\u00e9seket \u00e9s lemondott a jogorvoslati jog\u00e1r\u00f3l, \u00edgy a kiszabott b\u00edrs\u00e1g biztosan befolyik a magyar k\u00f6zponti k\u00f6lts\u00e9gvet\u00e9sbe. Az eMAG nem el\u0151sz\u00f6r ker\u00fclt a GVH l\u00e1t\u00f3k\u00f6r\u00e9be, a magyar nemzeti versenyhat\u00f3s\u00e1g kor\u00e1bban \u2013 \u00e1rfelt\u00fcntet\u00e9ssel kapcsolatos jogs\u00e9rt\u00e9sek miatt \u2013 m\u00e1r t\u00f6bb alkalommal is megb\u00edrs\u00e1golta a c\u00e9get, illetve jogel\u0151djeit.<\/p>\n\n\n\n<p>A Gazdas\u00e1gi Versenyhivatal 2024 febru\u00e1rj\u00e1ban ind\u00edtott versenyfel\u00fcgyeleti elj\u00e1r\u00e1st az eMAG web\u00e1ruh\u00e1zat \u00fczemeltet\u0151 magyarorsz\u00e1gi v\u00e1llalkoz\u00e1ssal szemben. Az elj\u00e1r\u00e1s sor\u00e1n a GVH felt\u00e1rta, hogy a rom\u00e1niai k\u00f6zpont\u00fa v\u00e1llalkoz\u00e1s t\u00f6bb szempontb\u00f3l is jogs\u00e9rt\u0151, tisztess\u00e9gtelen kereskedelmi gyakorlatot folytatott. A GVH Versenytan\u00e1csa meg\u00e1llap\u00edtotta, hogy az e-kereskedelmi c\u00e9g<\/p>\n\n\n\n<p> \u2022 a 2023. j\u00falius 25-28. k\u00f6z\u00f6tti \u201e\u0150r\u00fclt napok\u201d akci\u00f3ja sor\u00e1n val\u00f3tlan m\u00e9rt\u00e9k\u0171 kedvezm\u00e9nyekkel hirdette weblapj\u00e1n \u00e9s alkalmaz\u00e1s\u00e1ban a divat kateg\u00f3ria sz\u00e1mtalan term\u00e9k\u00e9t; <\/p>\n\n\n\n<p>\u2022 2023. okt\u00f3ber 31-t\u0151l a term\u00e9kek (v\u00e1rhat\u00f3) sz\u00e1ll\u00edt\u00e1si idej\u00e9vel kapcsolatos t\u00e1j\u00e9koztat\u00e1si gyakorlat\u00e1nak kialak\u00edt\u00e1sa sor\u00e1n nem a szakmai gondoss\u00e1g k\u00f6vetelm\u00e9ny\u00e9nek megfelel\u0151en j\u00e1rt el; <\/p>\n\n\n\n<p>\u2022 2023. j\u00falius 22-t\u0151l 2024 \u00e1prilis\u00e1ig egyes term\u00e9keket a honlapj\u00e1n \u00e9s a mobil alkalmaz\u00e1s\u00e1ban, hogy a fogyaszt\u00f3k jogszab\u00e1lyon alapul\u00f3 14 napos el\u00e1ll\u00e1si jog\u00e1t \u00e9s j\u00f3t\u00e1ll\u00e1si jog\u00e1t a v\u00e1llalkoz\u00e1s aj\u00e1nlat\u00e1nak saj\u00e1toss\u00e1gak\u00e9nt (el\u0151nyk\u00e9nt) t\u00fcntette fel; <\/p>\n\n\n\n<p>\u2022 2024. \u00e1prilis 17-t\u0151l weboldal\u00e1n \u00e9s applik\u00e1ci\u00f3j\u00e1ban a sz\u00e1ll\u00edt\u00e1si \u00e9s ut\u00e1nv\u00e9teli k\u00f6lts\u00e9geket hom\u00e1lyos, \u00e9rthetetlen, k\u00f6vethetetlen m\u00f3don t\u00fcntette fel. <\/p>\n\n\n\n<p>Mindemellett a Gazdas\u00e1gi Versenyhivatal vizsg\u00e1lata kiterjedt az eMAG-ot m\u0171k\u00f6dtet\u0151 v\u00e1llalkoz\u00e1s fogyaszt\u00f3i \u00e9rt\u00e9kel\u00e9sek moder\u00e1l\u00e1s\u00e1val kapcsolatos gyakorlat\u00e1ra is. E tekintetben a GVH Versenytan\u00e1csa jogs\u00e9rt\u00e9st nem \u00e1llap\u00edtott meg, hanem k\u00f6telezte a c\u00e9get a k\u00f6telezetts\u00e9gv\u00e1llal\u00e1s\u00e1nak megval\u00f3s\u00edt\u00e1s\u00e1ra. Ez az \u00e9rt\u00e9kel\u00e9si szab\u00e1lyok fel\u00fclvizsg\u00e1lat\u00e1ra, k\u00f6vetkezetesebb alkalmaz\u00e1s\u00e1ra, fogyaszt\u00f3k ir\u00e1ny\u00e1ba t\u00f6rt\u00e9n\u0151 egy\u00e9rtelm\u0171bb kommunik\u00e1l\u00e1s\u00e1ra, valamint az elad\u00f3k (sz\u00e1ll\u00edt\u00e1s) \u00e9rt\u00e9kel\u00e9s\u00e9nek lehet\u0151v\u00e9 t\u00e9tel\u00e9re ir\u00e1nyul. <\/p>\n\n\n\n<p>A v\u00e1llalkoz\u00e1s az elj\u00e1r\u00e1s sor\u00e1n egy\u00fcttm\u0171k\u00f6d\u00f6tt a GVH-val, elismerte a felt\u00e1rt jogs\u00e9rt\u00e9seket \u00e9s lemondott a jogorvoslati jog\u00e1r\u00f3l. Mindezt figyelembe v\u00e9ve a GVH Versenytan\u00e1csa \u00f6sszesen 235 milli\u00f3 forint b\u00edrs\u00e1got szabott ki a c\u00e9gre, amit 30 napon bel\u00fcl k\u00f6teles befizetni a magyar k\u00f6zponti k\u00f6lts\u00e9gvet\u00e9sbe. Emellett a GVH megfelel\u00e9si jelleg\u0171 int\u00e9zked\u00e9sek v\u00e9grehajt\u00e1s\u00e1ra is k\u00f6telezte az eMAG-ot, amely mag\u00e1ban foglalja egy \u00e1ltal\u00e1nos fogyaszt\u00f3v\u00e9delmi megfelel\u00e9si program kidolgoz\u00e1s\u00e1t \u00e9s bevezet\u00e9s\u00e9t, valamint a sz\u00e1ll\u00edt\u00e1si becsl\u00e9sek rendszer\u00e9nek \u00e9s a sz\u00e1ll\u00edt\u00e1si hat\u00e1rid\u0151vel kapcsolatos t\u00e1j\u00e9koztat\u00e1soknak a tov\u00e1bbfejleszt\u00e9s\u00e9t, tov\u00e1bb\u00e1 az ut\u00e1nv\u00e9teli d\u00edj felt\u00fcntet\u00e9s\u00e9nek egy\u00e9rtelm\u0171bb\u00e9 t\u00e9tel\u00e9t. <\/p>\n\n\n\n<p>A GVH 2021-ben m\u00e1r vizsg\u00e1lta az eMAG akci\u00f3tart\u00e1si gyakorlat\u00e1t, melynek eredm\u00e9nyek\u00e9nt \u2013 200 milli\u00f3 forintos p\u00e9nzb\u00edrs\u00e1g mellett \u2013 mintegy 4 milli\u00e1rd forint \u00e9rt\u00e9k\u0171 j\u00f3v\u00e1t\u00e9teli v\u00e1llal\u00e1sainak v\u00e9grehajt\u00e1s\u00e1ra k\u00f6telezte az elj\u00e1r\u00e1s al\u00e1 vont v\u00e1llalkoz\u00e1sokat. A v\u00e1llal\u00e1sok teljes\u00edt\u00e9s\u00e9t \u00e9rt\u00e9kel\u0151 ut\u00f3vizsg\u00e1lat sor\u00e1n a nemzeti versenyhat\u00f3s\u00e1g meg\u00e1llap\u00edtotta, hogy az eMAG k\u00f6telezetts\u00e9geit hi\u00e1nyosan teljes\u00edtette, ez\u00e9rt a GVH Versenytan\u00e1csa tov\u00e1bbi 50 milli\u00f3 forintos b\u00edrs\u00e1ggal s\u00fajtotta a v\u00e1llalkoz\u00e1st. 2025 febru\u00e1rj\u00e1ban a nemzeti 2. versenyhat\u00f3s\u00e1g \u00fajabb ut\u00f3vizsg\u00e1latot ind\u00edtott az eMAG web\u00e1ruh\u00e1z \u00fczemeltet\u0151ivel szemben. Ez az elj\u00e1r\u00e1s jelenleg is folyamatban van.<\/p>\n\n\n\n<p><\/p>\n","protected":false},"excerpt":{"rendered":"<p>Az eMAG megint megt\u00e9vesztette a magyarokat, 235 milli\u00f3s b\u00edrs\u00e1got fizet Budapest, 2026. janu\u00e1r 30. \u2013 T\u00f6bb jogs\u00e9rt\u00e9st is elk\u00f6vetett az eMAG Magyarorsz\u00e1g Kft. \u2013 t\u00e1rta fel a Gazdas\u00e1gi Versenyhivatal (GVH)<\/p>\n","protected":false},"author":2,"featured_media":801,"comment_status":"open","ping_status":"open","sticky":false,"template":"","format":"standard","meta":{"footnotes":""},"categories":[3],"tags":[277,278,478],"class_list":["post-796","post","type-post","status-publish","format-standard","has-post-thumbnail","hentry","category-aktualis","tag-emag","tag-gvh","tag-kiemelt"],"_links":{"self":[{"href":"https:\/\/realfluencer.hu\/index.php\/wp-json\/wp\/v2\/posts\/796","targetHints":{"allow":["GET"]}}],"collection":[{"href":"https:\/\/realfluencer.hu\/index.php\/wp-json\/wp\/v2\/posts"}],"about":[{"href":"https:\/\/realfluencer.hu\/index.php\/wp-json\/wp\/v2\/types\/post"}],"author":[{"embeddable":true,"href":"https:\/\/realfluencer.hu\/index.php\/wp-json\/wp\/v2\/users\/2"}],"replies":[{"embeddable":true,"href":"https:\/\/realfluencer.hu\/index.php\/wp-json\/wp\/v2\/comments?post=796"}],"version-history":[{"count":3,"href":"https:\/\/realfluencer.hu\/index.php\/wp-json\/wp\/v2\/posts\/796\/revisions"}],"predecessor-version":[{"id":896,"href":"https:\/\/realfluencer.hu\/index.php\/wp-json\/wp\/v2\/posts\/796\/revisions\/896"}],"wp:featuredmedia":[{"embeddable":true,"href":"https:\/\/realfluencer.hu\/index.php\/wp-json\/wp\/v2\/media\/801"}],"wp:attachment":[{"href":"https:\/\/realfluencer.hu\/index.php\/wp-json\/wp\/v2\/media?parent=796"}],"wp:term":[{"taxonomy":"category","embeddable":true,"href":"https:\/\/realfluencer.hu\/index.php\/wp-json\/wp\/v2\/categories?post=796"},{"taxonomy":"post_tag","embeddable":true,"href":"https:\/\/realfluencer.hu\/index.php\/wp-json\/wp\/v2\/tags?post=796"}],"curies":[{"name":"wp","href":"https:\/\/api.w.org\/{rel}","templated":true}]}}