{"id":755,"date":"2026-02-05T23:36:39","date_gmt":"2026-02-05T23:36:39","guid":{"rendered":"https:\/\/realfluencer.hu\/?p=755"},"modified":"2026-02-06T00:00:10","modified_gmt":"2026-02-06T00:00:10","slug":"trump-legujabb-botranyai-epstein-aktak-elnemzetiesitett-valasztasok-es-hatalmi-tulnyulas-az-allamigazgatasban","status":"publish","type":"post","link":"https:\/\/realfluencer.hu\/index.php\/2026\/02\/05\/trump-legujabb-botranyai-epstein-aktak-elnemzetiesitett-valasztasok-es-hatalmi-tulnyulas-az-allamigazgatasban\/","title":{"rendered":"Trump leg\u00fajabb botr\u00e1nyai: Epstein-akt\u00e1k, \u201eelnemzeties\u00edtett\u201d v\u00e1laszt\u00e1sok \u00e9s hatalmi t\u00falny\u00fal\u00e1s az \u00e1llamigazgat\u00e1sban"},"content":{"rendered":"\n<nav class=\"wp-block-table-of-contents\"><ol><li><a class=\"wp-block-table-of-contents__entry\" href=\"https:\/\/realfluencer.hu\/index.php\/2026\/02\/05\/trump-legujabb-botranyai-epstein-aktak-elnemzetiesitett-valasztasok-es-hatalmi-tulnyulas-az-allamigazgatasban\/#az-epstein-aktak-es-a-vedekezo-agressziv-hangnem\">Az Epstein-akt\u00e1k \u00e9s a v\u00e9dekez\u0151, agressz\u00edv hangnem<\/a><\/li><li><a class=\"wp-block-table-of-contents__entry\" href=\"https:\/\/realfluencer.hu\/index.php\/2026\/02\/05\/trump-legujabb-botranyai-epstein-aktak-elnemzetiesitett-valasztasok-es-hatalmi-tulnyulas-az-allamigazgatasban\/#a-valasztasok-denacionalizalasa-es-alkotmanyossagi-aggalyok\">A v\u00e1laszt\u00e1sok \u201edenacionaliz\u00e1l\u00e1sa\u201d \u00e9s alkotm\u00e1nyoss\u00e1gi agg\u00e1lyok<\/a><\/li><li><a class=\"wp-block-table-of-contents__entry\" href=\"https:\/\/realfluencer.hu\/index.php\/2026\/02\/05\/trump-legujabb-botranyai-epstein-aktak-elnemzetiesitett-valasztasok-es-hatalmi-tulnyulas-az-allamigazgatasban\/#egyeb-folyamatban-levo-konfliktusok\">Egy\u00e9b folyamatban l\u00e9v\u0151 konfliktusok<\/a><\/li><\/ol><\/nav>\n\n\n\n<p>Jelenleg k\u00e9t k\u00e9rd\u00e9s okozza a legnagyobb botr\u00e1nyt Trump \u201emagatart\u00e1sa\u201d miatt: az Epstein-akt\u00e1kkal kapcsolatos kijelent\u00e9sei \u00e9s az alkotm\u00e1nyoss\u00e1g\u00e1t illet\u0151en vitatott megjegyz\u00e9sei a sz\u00f6vets\u00e9gi v\u00e1laszt\u00e1sok \u201edenacionaliz\u00e1l\u00e1s\u00e1r\u00f3l\u201d.<\/p>\n\n\n\n<h2 id=\"az-epstein-aktak-es-a-vedekezo-agressziv-hangnem\" class=\"wp-block-heading\">Az Epstein-akt\u00e1k \u00e9s a v\u00e9dekez\u0151, agressz\u00edv hangnem<\/h2>\n\n\n\n<ul class=\"wp-block-list\">\n<li>Trump neve sz\u00e1mos alkalommal megjelenik a nemr\u00e9g nyilv\u00e1noss\u00e1gra hozott Epstein-dokumentumokban, t\u00f6bbek k\u00f6z\u00f6tt egy FBI-e-mailben, amely bizony\u00edtatlan, r\u00e9szben m\u00e1sodk\u00e9zb\u0151l sz\u00e1rmaz\u00f3 szexu\u00e1lis vissza\u00e9l\u00e9sekkel kapcsolatos v\u00e1dakat sorol fel ellene.\u200b<\/li>\n\n\n\n<li>V\u00e1laszul Trump azt \u00e1ll\u00edtja, hogy a dokumentumok \u201etiszt\u00e1zz\u00e1k\u201d \u0151t, majd hirtelen t\u00e9m\u00e1t v\u00e1lt, \u00e9s azzal fenyeget\u0151zik, hogy bepereli a \u0151t b\u00edr\u00e1l\u00f3 szerz\u0151t, Michael Wolffot \u00e9s Epstein \u00f6r\u00f6k\u00f6seit, mintha \u00f6sszeesk\u00fcdtek volna ellene.<\/li>\n\n\n\n<li>A botr\u00e1nyt tov\u00e1bb s\u00falyosb\u00edtja az a <strong>hozz\u00e1\u00e1ll\u00e1sa<\/strong>, hogy a v\u00e1dakat politikai t\u00e1mad\u00e1snak tekinti, alig eml\u00edti az \u00e1ldozatokat, \u00e9s az \u00fcgyet szem\u00e9lyes s\u00e9relemnek \u00e9s a h\u00edrnev\u00e9nek elleni h\u00e1bor\u00fanak \u00e1ll\u00edtja be.<\/li>\n<\/ul>\n\n\n\n<h2 id=\"a-valasztasok-denacionalizalasa-es-alkotmanyossagi-aggalyok\" class=\"wp-block-heading\">A v\u00e1laszt\u00e1sok \u201edenacionaliz\u00e1l\u00e1sa\u201d \u00e9s alkotm\u00e1nyoss\u00e1gi agg\u00e1lyok<\/h2>\n\n\n\n<ul class=\"wp-block-list\">\n<li>\u00dajabb vihart kavart, amikor Trump kijelentette, hogy a republik\u00e1nusoknak \u201enemzeties\u00edteni\u00fck\u201d kellene az amerikai v\u00e1laszt\u00e1sokat, ami azt jelenti, hogy a sz\u00f6vets\u00e9gi korm\u00e1ny \u00e1tvenn\u00e9 az ir\u00e1ny\u00edt\u00e1st bizonyos (k\u00f6r\u00fclbel\u00fcl 15) kulcsfontoss\u00e1g\u00fa helysz\u00ednen.\u200b<\/li>\n\n\n\n<li>K\u00e9s\u0151bb sz\u00f3viv\u0151je megpr\u00f3b\u00e1lta ezt elmagyar\u00e1zni azzal, hogy Trump val\u00f3j\u00e1ban a SAVE Act-re utalt, egy olyan t\u00f6rv\u00e9nyjavaslatra, amelynek c\u00e9lja a nem \u00e1llampolg\u00e1rok szavaz\u00e1s\u00e1nak megakad\u00e1lyoz\u00e1sa, annak ellen\u00e9re, hogy Trump konkr\u00e9t helysz\u00ednek \u201e\u00e1tv\u00e9tel\u00e9r\u0151l\u201d besz\u00e9lt, nem pedig \u00e1ltal\u00e1nos jogszab\u00e1lyokr\u00f3l.<\/li>\n\n\n\n<li>Jogi \u00e9s politikai elemz\u0151k szerint ez a retorika er\u0151sen ellentmond a tag\u00e1llamok alkotm\u00e1nyos jog\u00e1nak a v\u00e1laszt\u00e1sok szervez\u00e9s\u00e9re, \u00e9s egy\u00e9rtelm\u0171en demonstr\u00e1lja Trump konfrontat\u00edv, centraliz\u00e1l\u00f3 hozz\u00e1\u00e1ll\u00e1s\u00e1t a v\u00e1laszt\u00e1sokhoz.<\/li>\n<\/ul>\n\n\n\n<h2 id=\"egyeb-folyamatban-levo-konfliktusok\" class=\"wp-block-heading\">Egy\u00e9b folyamatban l\u00e9v\u0151 konfliktusok<\/h2>\n\n\n\n<ul class=\"wp-block-list\">\n<li>Az elm\u00falt hetekben k\u00fcl\u00f6n\u00f6sen kritiz\u00e1lt\u00e1k az\u00e9rt, mert korl\u00e1tozni akarta a sz\u00f6vets\u00e9gi alkalmazottak st\u00e1tusz\u00e1nak v\u00e9delm\u00e9t, ami t\u00f6bb t\u00edzezer embert \u00e9rinthet a k\u00f6zszf\u00e9r\u00e1ban, \u00e9s sokak szerint ez is a lojalit\u00e1s \u00e9s az \u201eellens\u00e9geim megb\u00fcntet\u00e9se\u201d logik\u00e1j\u00e1nak \u00fajabb jele.\u200b<\/li>\n\n\n\n<li>Ugyanebben az id\u0151szakban bejelentette a Kennedy Center k\u00e9t \u00e9vre sz\u00f3l\u00f3 bez\u00e1r\u00e1s\u00e1t is, amelyet jelent\u0151s fel\u00faj\u00edt\u00e1ssal indokolt, de a d\u00f6nt\u00e9s politikai bojkottok, alacsony jegy\u00e9rt\u00e9kes\u00edt\u00e9s \u00e9s Trump saj\u00e1t n\u00e9vv\u00e1ltoztat\u00e1si man\u0151verei miatt felh\u00e1borod\u00e1st v\u00e1ltott ki.<\/li>\n<\/ul>\n","protected":false},"excerpt":{"rendered":"<p>Jelenleg k\u00e9t k\u00e9rd\u00e9s okozza a legnagyobb botr\u00e1nyt Trump \u201emagatart\u00e1sa\u201d miatt: az Epstein-akt\u00e1kkal kapcsolatos kijelent\u00e9sei \u00e9s az alkotm\u00e1nyoss\u00e1g\u00e1t illet\u0151en vitatott megjegyz\u00e9sei a sz\u00f6vets\u00e9gi v\u00e1laszt\u00e1sok \u201edenacionaliz\u00e1l\u00e1s\u00e1r\u00f3l\u201d. Az Epstein-akt\u00e1k \u00e9s a v\u00e9dekez\u0151, agressz\u00edv hangnem A v\u00e1laszt\u00e1sok \u201edenacionaliz\u00e1l\u00e1sa\u201d \u00e9s alkotm\u00e1nyoss\u00e1gi agg\u00e1lyok Egy\u00e9b folyamatban l\u00e9v\u0151 konfliktusok<\/p>\n","protected":false},"author":2,"featured_media":761,"comment_status":"open","ping_status":"open","sticky":false,"template":"","format":"standard","meta":{"footnotes":""},"categories":[3],"tags":[273,274,272,271],"class_list":["post-755","post","type-post","status-publish","format-standard","has-post-thumbnail","hentry","category-aktualis","tag-aktualis","tag-epstein-aktak","tag-hirek","tag-trump"],"_links":{"self":[{"href":"https:\/\/realfluencer.hu\/index.php\/wp-json\/wp\/v2\/posts\/755","targetHints":{"allow":["GET"]}}],"collection":[{"href":"https:\/\/realfluencer.hu\/index.php\/wp-json\/wp\/v2\/posts"}],"about":[{"href":"https:\/\/realfluencer.hu\/index.php\/wp-json\/wp\/v2\/types\/post"}],"author":[{"embeddable":true,"href":"https:\/\/realfluencer.hu\/index.php\/wp-json\/wp\/v2\/users\/2"}],"replies":[{"embeddable":true,"href":"https:\/\/realfluencer.hu\/index.php\/wp-json\/wp\/v2\/comments?post=755"}],"version-history":[{"count":4,"href":"https:\/\/realfluencer.hu\/index.php\/wp-json\/wp\/v2\/posts\/755\/revisions"}],"predecessor-version":[{"id":765,"href":"https:\/\/realfluencer.hu\/index.php\/wp-json\/wp\/v2\/posts\/755\/revisions\/765"}],"wp:featuredmedia":[{"embeddable":true,"href":"https:\/\/realfluencer.hu\/index.php\/wp-json\/wp\/v2\/media\/761"}],"wp:attachment":[{"href":"https:\/\/realfluencer.hu\/index.php\/wp-json\/wp\/v2\/media?parent=755"}],"wp:term":[{"taxonomy":"category","embeddable":true,"href":"https:\/\/realfluencer.hu\/index.php\/wp-json\/wp\/v2\/categories?post=755"},{"taxonomy":"post_tag","embeddable":true,"href":"https:\/\/realfluencer.hu\/index.php\/wp-json\/wp\/v2\/tags?post=755"}],"curies":[{"name":"wp","href":"https:\/\/api.w.org\/{rel}","templated":true}]}}