{"id":558,"date":"2026-02-04T00:53:48","date_gmt":"2026-02-04T00:53:48","guid":{"rendered":"https:\/\/realfluencer.hu\/?p=558"},"modified":"2026-02-05T22:58:17","modified_gmt":"2026-02-05T22:58:17","slug":"a-kingston-datatraveler-se9-g3-a-szellemi-foci-palya-a-zsebedben","status":"publish","type":"post","link":"https:\/\/realfluencer.hu\/index.php\/2026\/02\/04\/a-kingston-datatraveler-se9-g3-a-szellemi-foci-palya-a-zsebedben\/","title":{"rendered":"A Kingston DataTraveler SE9 G3: A Szellemi Foci-P\u00e1lya a Zsebedben"},"content":{"rendered":"\n<nav class=\"wp-block-table-of-contents\"><ol><li><a class=\"wp-block-table-of-contents__entry\" href=\"https:\/\/realfluencer.hu\/index.php\/2026\/02\/04\/a-kingston-datatraveler-se9-g3-a-szellemi-foci-palya-a-zsebedben\/#a-megjelenes-elegancia-amit-valoban-akartal\">A Megjelen\u00e9s: Elegancia, Amit Val\u00f3ban Akart\u00e1l<\/a><\/li><li><a class=\"wp-block-table-of-contents__entry\" href=\"https:\/\/realfluencer.hu\/index.php\/2026\/02\/04\/a-kingston-datatraveler-se9-g3-a-szellemi-foci-palya-a-zsebedben\/#a-sebesseg-az-igeretek-es-a-valosag-osszeeskuvese\">A Sebess\u00e9g: Az \u00cdg\u00e9retek \u00e9s a Val\u00f3s\u00e1g \u00d6sszeesk\u00fcv\u00e9se<\/a><\/li><li><a class=\"wp-block-table-of-contents__entry\" href=\"https:\/\/realfluencer.hu\/index.php\/2026\/02\/04\/a-kingston-datatraveler-se9-g3-a-szellemi-foci-palya-a-zsebedben\/#a-kapacitas-majdnem-teljes-szemelyes-adatbazis\">A Kapacit\u00e1s: Majdnem Teljes Szem\u00e9lyes Adatb\u00e1zis<\/a><\/li><li><a class=\"wp-block-table-of-contents__entry\" href=\"https:\/\/realfluencer.hu\/index.php\/2026\/02\/04\/a-kingston-datatraveler-se9-g3-a-szellemi-foci-palya-a-zsebedben\/#kompatibilitas\">Kompatibilit\u00e1s<\/a><\/li><li><a class=\"wp-block-table-of-contents__entry\" href=\"https:\/\/realfluencer.hu\/index.php\/2026\/02\/04\/a-kingston-datatraveler-se9-g3-a-szellemi-foci-palya-a-zsebedben\/#vegszo\">V\u00e9gsz\u00f3<\/a><\/li><\/ol><\/nav>\n\n\n\n<p>Ha \u00fagy gondolja, hogy egy USB flash meghajt\u00f3 nem lehet <em>vonz\u00f3<\/em>, akkor m\u00e9g nem l\u00e1tta a <a href=\"https:\/\/www.jtc.hu\/kereses\/?SZURES=Kingston%20DataTraveler%20SE9%20G3\">Kingston DataTraveler SE9 G3<\/a>-at. Ez a kicsi, aranyf\u00e9ny\u0171 f\u00e9mcsoda olyan, mintha egy luxusm\u00e1rka \u00e9s egy praktikus t\u00e1rol\u00f3eszk\u00f6z tal\u00e1lkozott volna egy k\u00e1v\u00e9z\u00f3ban, \u00e9s azonnal egym\u00e1sra tal\u00e1ltak volna, ami egy t\u00f6k\u00e9letes kutat\u00e1si projekt eredm\u00e9nyek\u00e9nt sz\u00fcletett meg.<\/p>\n\n\n\n<h2 id=\"a-megjelenes-elegancia-amit-valoban-akartal\" class=\"wp-block-heading\">A Megjelen\u00e9s: Elegancia, Amit Val\u00f3ban Akart\u00e1l<\/h2>\n\n\n\n<p><strong>Az els\u0151 dolog, ami felt\u0171nik:<\/strong> ez nem az a sz\u00fcrke m\u0171anyag doboz, amit 2005-ben a sz\u00e1m\u00edt\u00f3g\u00e9p\u00e9hez kapott. Az SE9 G3 leny\u0171g\u00f6z\u0151: arany sz\u00edn\u0171 f\u00e9m burkolat, kompakt m\u00e9ret (39 x 12,2 x 4,6 mm) \u00e9s olyan k\u00f6nny\u0171 (5 gramm), hogy azt hinn\u00e9d, leveg\u0151b\u0151l k\u00e9sz\u00fclt. M\u00e9g egy praktikus karik\u00e1val is ell\u00e1tott, amit a kulcstart\u00f3dra akaszthatsz \u2013 mert semmi sem f\u00e1j jobban, mint ha fontos adataidat otthon felejted.<\/p>\n\n\n\n<p><em>A grav\u00edroz\u00e1s min\u0151s\u00e9ge azonban nem felel meg az elv\u00e1r\u00e1soknak: egy felhaszn\u00e1l\u00f3 megjegyezte, hogy a felirat ink\u00e1bb karcol\u00e1snak t\u0171nik, mint mint\u00e1nak.<\/em><\/p>\n\n\n\n<h2 id=\"a-sebesseg-az-igeretek-es-a-valosag-osszeeskuvese\" class=\"wp-block-heading\">A Sebess\u00e9g: Az \u00cdg\u00e9retek \u00e9s a Val\u00f3s\u00e1g \u00d6sszeesk\u00fcv\u00e9se<\/h2>\n\n\n\n<p>Itt kezd\u0151dik az \u00e9rdekes r\u00e9sz. A Kingston szerint: 220 MB\/s olvas\u00e1si, 100 MB\/s \u00edr\u00e1si sebess\u00e9g. Az AS SSD benchmark teszt ezeket a sz\u00e1mokat felforgatja, \u00e9s 235 MB\/s olvas\u00e1si sebess\u00e9get m\u00e9r \u2013 ez \u00edg\u00e9retes. Az \u00edr\u00e1si sebess\u00e9g azonban&#8230; nos, mondjuk \u00fagy, hogy olyan, mintha egy utaz\u00e1si iroda azt mondan\u00e1, hogy a sz\u00e1lloda k\u00f6zvetlen\u00fcl a tengerpart mellett van, azt\u00e1n kider\u00fcl, hogy 500 m\u00e9terre van.<\/p>\n\n\n\n<p>A gyakorlatban az \u00edr\u00e1si sebess\u00e9g gyakran 30 \u00e9s 100 MB\/s k\u00f6z\u00e9 cs\u00f6kken, att\u00f3l f\u00fcgg\u0151en, hogy mit csin\u00e1lsz. R\u00f6vid ideig? Hihetetlen\u00fcl gyors. Nagyobb f\u00e1jlok m\u00e1sol\u00e1sa? Az m\u00e1r nem olyan egyszer\u0171. De az \u00e1r\u00e1hoz k\u00e9pest m\u00e9g mindig elfogadhat\u00f3.<\/p>\n\n\n\n<h2 id=\"a-kapacitas-majdnem-teljes-szemelyes-adatbazis\" class=\"wp-block-heading\">A Kapacit\u00e1s: Majdnem Teljes Szem\u00e9lyes Adatb\u00e1zis<\/h2>\n\n\n\n<p>64 GB-t\u00f3l 512 GB-ig v\u00e1laszthat \u2013 sz\u00f3val nyugodjon meg. Az 512 GB-os v\u00e1ltozat gyakorlatilag f\u00e9l \u00e9letre elegend\u0151 t\u00e1rhelyet biztos\u00edt: filmek, zene, r\u00e9gi fot\u00f3k, minden olyan projekt, amelyet soha t\u00f6bb\u00e9 nem fog megn\u00e9zni, de \u201ebiztons\u00e1gban\u201d szeretne tartani. Manaps\u00e1g m\u00e1r csak kev\u00e9s t\u00e1rhelyre van sz\u00fcks\u00e9g\u00fcnk!<\/p>\n\n\n\n<h2 id=\"kompatibilitas\" class=\"wp-block-heading\">Kompatibilit\u00e1s<\/h2>\n\n\n\n<p>USB 3.2 Gen 1 (Type-A), \u00edgy szinte minden eszk\u00f6z szereti: Windows 11, 10, macOS, Linux, Chrome OS. Olyan, mint egy kam\u00e9leon, b\u00e1rmelyik sz\u00e1m\u00edt\u00f3g\u00e9phez csatlakoztathat\u00f3.<\/p>\n\n\n\n<p><em>A Val\u00f3s Szavak: Mit Mondanak az Emberek?<\/em><\/p>\n\n\n\n<p>Az online v\u00e9lem\u00e9nyek ugyanolyan sematikusak, mint a Twitteren zajl\u00f3 dr\u00e1m\u00e1k:<\/p>\n\n\n\n<ul class=\"wp-block-list\">\n<li><strong>A rajong\u00f3k: \u201eNincs m\u00e1rkajelz\u00e9s, \u00e9s m\u0171k\u00f6dik. Szuper!\u201d<\/strong><\/li>\n\n\n\n<li><strong>Az agg\u00f3d\u00f3k: \u201eA nagyobb f\u00e1jlok \u00edr\u00e1si sebess\u00e9ge 10 MB\/s-ra cs\u00f6kken \u2013 sz\u00f6rny\u0171!\u201d<\/strong><\/li>\n\n\n\n<li><strong>A m\u00e9rs\u00e9keltek: \u201eJ\u00f3 \u00e1r-\u00e9rt\u00e9k ar\u00e1ny, de ne v\u00e1rd, hogy j\u00e1t\u00e9kokat futtathatsz ezen az eszk\u00f6z\u00f6n.\u201d<\/strong><\/li>\n<\/ul>\n\n\n\n<p><em>Az igazs\u00e1g? A legt\u00f6bb ember el\u00e9gedett, de az \u00edr\u00e1si sebess\u00e9g val\u00f3ban nem olyan fenomen\u00e1lis, mint az olvas\u00e1si sebess\u00e9g. M\u00e9gis, jobb, mint amit a 2013-as flash meghajt\u00f3 tud.<\/em><\/p>\n\n\n\n<h2 id=\"vegszo\" class=\"wp-block-heading\">V\u00e9gsz\u00f3<\/h2>\n\n\n\n<p>A <a href=\"https:\/\/www.jtc.hu\/kereses\/?SZURES=Kingston%20DataTraveler%20SE9%20G3\">Kingston DataTraveler SE9 G3<\/a> bizony\u00edtja, hogy a t\u00e1rol\u00f3eszk\u00f6z\u00f6k lehetnek egyszerre praktikusak \u00e9s vonz\u00f3ak is. \u00cdr\u00e1si sebess\u00e9ge nem olyan vill\u00e1mgyors, mint \u00edg\u00e9rt\u00e9k, de eleganci\u00e1ja, kapacit\u00e1sa \u00e9s olvas\u00e1si sebess\u00e9ge miatt m\u00e9gis j\u00f3 v\u00e1laszt\u00e1s \u2013 egy olyan flash meghajt\u00f3, amelyet nem sz\u00e9gyellsz a konferenciaasztalra tenni.<\/p>\n\n\n<div class=\"wp-block-image\">\n<figure data-wp-context=\"{&quot;imageId&quot;:&quot;69f29bd533266&quot;}\" data-wp-interactive=\"core\/image\" data-wp-key=\"69f29bd533266\" class=\"aligncenter size-medium wp-lightbox-container\"><img loading=\"lazy\" decoding=\"async\" width=\"300\" height=\"188\" data-wp-class--hide=\"state.isContentHidden\" data-wp-class--show=\"state.isContentVisible\" data-wp-init=\"callbacks.setButtonStyles\" data-wp-on--click=\"actions.showLightbox\" data-wp-on--load=\"callbacks.setButtonStyles\" data-wp-on-window--resize=\"callbacks.setButtonStyles\" src=\"https:\/\/realfluencer.hu\/wp-content\/uploads\/2026\/02\/ktc-dtse9g3-128gb-pc-hr-OLD-300x188.png\" alt=\"\" class=\"wp-image-560\" srcset=\"https:\/\/realfluencer.hu\/wp-content\/uploads\/2026\/02\/ktc-dtse9g3-128gb-pc-hr-OLD-300x188.png 300w, https:\/\/realfluencer.hu\/wp-content\/uploads\/2026\/02\/ktc-dtse9g3-128gb-pc-hr-OLD-1024x640.png 1024w, https:\/\/realfluencer.hu\/wp-content\/uploads\/2026\/02\/ktc-dtse9g3-128gb-pc-hr-OLD-768x480.png 768w, https:\/\/realfluencer.hu\/wp-content\/uploads\/2026\/02\/ktc-dtse9g3-128gb-pc-hr-OLD-1536x960.png 1536w, https:\/\/realfluencer.hu\/wp-content\/uploads\/2026\/02\/ktc-dtse9g3-128gb-pc-hr-OLD-2048x1280.png 2048w\" sizes=\"auto, (max-width: 300px) 100vw, 300px\" \/><button\n\t\t\tclass=\"lightbox-trigger\"\n\t\t\ttype=\"button\"\n\t\t\taria-haspopup=\"dialog\"\n\t\t\taria-label=\"Nagy\u00edt\u00e1s\"\n\t\t\tdata-wp-init=\"callbacks.initTriggerButton\"\n\t\t\tdata-wp-on--click=\"actions.showLightbox\"\n\t\t\tdata-wp-style--right=\"state.imageButtonRight\"\n\t\t\tdata-wp-style--top=\"state.imageButtonTop\"\n\t\t>\n\t\t\t<svg xmlns=\"http:\/\/www.w3.org\/2000\/svg\" width=\"12\" height=\"12\" fill=\"none\" viewBox=\"0 0 12 12\">\n\t\t\t\t<path fill=\"#fff\" d=\"M2 0a2 2 0 0 0-2 2v2h1.5V2a.5.5 0 0 1 .5-.5h2V0H2Zm2 10.5H2a.5.5 0 0 1-.5-.5V8H0v2a2 2 0 0 0 2 2h2v-1.5ZM8 12v-1.5h2a.5.5 0 0 0 .5-.5V8H12v2a2 2 0 0 1-2 2H8Zm2-12a2 2 0 0 1 2 2v2h-1.5V2a.5.5 0 0 0-.5-.5H8V0h2Z\" \/>\n\t\t\t<\/svg>\n\t\t<\/button><\/figure>\n<\/div>","protected":false},"excerpt":{"rendered":"<p>Ha \u00fagy gondolja, hogy egy USB flash meghajt\u00f3 nem lehet vonz\u00f3, akkor m\u00e9g nem l\u00e1tta a Kingston DataTraveler SE9 G3-at. Ez a kicsi, aranyf\u00e9ny\u0171 f\u00e9mcsoda olyan, mintha egy luxusm\u00e1rka \u00e9s egy praktikus t\u00e1rol\u00f3eszk\u00f6z tal\u00e1lkozott volna egy k\u00e1v\u00e9z\u00f3ban, \u00e9s azonnal egym\u00e1sra tal\u00e1ltak volna, ami egy t\u00f6k\u00e9letes kutat\u00e1si projekt eredm\u00e9nyek\u00e9nt sz\u00fcletett meg. A Megjelen\u00e9s: Elegancia, Amit Val\u00f3ban [&hellip;]<\/p>\n","protected":false},"author":2,"featured_media":559,"comment_status":"open","ping_status":"open","sticky":false,"template":"","format":"standard","meta":{"footnotes":""},"categories":[7],"tags":[190,192,188,189,191],"class_list":["post-558","post","type-post","status-publish","format-standard","has-post-thumbnail","hentry","category-tech","tag-datatraveler","tag-flash","tag-kingston","tag-se9-g3","tag-usb"],"_links":{"self":[{"href":"https:\/\/realfluencer.hu\/index.php\/wp-json\/wp\/v2\/posts\/558","targetHints":{"allow":["GET"]}}],"collection":[{"href":"https:\/\/realfluencer.hu\/index.php\/wp-json\/wp\/v2\/posts"}],"about":[{"href":"https:\/\/realfluencer.hu\/index.php\/wp-json\/wp\/v2\/types\/post"}],"author":[{"embeddable":true,"href":"https:\/\/realfluencer.hu\/index.php\/wp-json\/wp\/v2\/users\/2"}],"replies":[{"embeddable":true,"href":"https:\/\/realfluencer.hu\/index.php\/wp-json\/wp\/v2\/comments?post=558"}],"version-history":[{"count":10,"href":"https:\/\/realfluencer.hu\/index.php\/wp-json\/wp\/v2\/posts\/558\/revisions"}],"predecessor-version":[{"id":723,"href":"https:\/\/realfluencer.hu\/index.php\/wp-json\/wp\/v2\/posts\/558\/revisions\/723"}],"wp:featuredmedia":[{"embeddable":true,"href":"https:\/\/realfluencer.hu\/index.php\/wp-json\/wp\/v2\/media\/559"}],"wp:attachment":[{"href":"https:\/\/realfluencer.hu\/index.php\/wp-json\/wp\/v2\/media?parent=558"}],"wp:term":[{"taxonomy":"category","embeddable":true,"href":"https:\/\/realfluencer.hu\/index.php\/wp-json\/wp\/v2\/categories?post=558"},{"taxonomy":"post_tag","embeddable":true,"href":"https:\/\/realfluencer.hu\/index.php\/wp-json\/wp\/v2\/tags?post=558"}],"curies":[{"name":"wp","href":"https:\/\/api.w.org\/{rel}","templated":true}]}}