{"id":555,"date":"2026-02-04T00:26:34","date_gmt":"2026-02-04T00:26:34","guid":{"rendered":"https:\/\/realfluencer.hu\/?p=555"},"modified":"2026-02-05T23:24:23","modified_gmt":"2026-02-05T23:24:23","slug":"a-2026-os-milano-cortina-teli-olimpia","status":"publish","type":"post","link":"https:\/\/realfluencer.hu\/index.php\/2026\/02\/04\/a-2026-os-milano-cortina-teli-olimpia\/","title":{"rendered":"A 2026-os Mil\u00e1n\u00f3-Cortina T\u00e9li Olimpia"},"content":{"rendered":"\n<nav class=\"wp-block-table-of-contents\"><ol><li><a class=\"wp-block-table-of-contents__entry\" href=\"https:\/\/realfluencer.hu\/index.php\/2026\/02\/04\/a-2026-os-milano-cortina-teli-olimpia\/#az-olimpia-idopontja-es-helyszine\">Az Olimpia id\u0151pontja \u00e9s helysz\u00edne<\/a><ol><li><a class=\"wp-block-table-of-contents__entry\" href=\"https:\/\/realfluencer.hu\/index.php\/2026\/02\/04\/a-2026-os-milano-cortina-teli-olimpia\/#a-program-osszessege\">A program \u00f6sszess\u00e9ge<\/a><\/li><li><a class=\"wp-block-table-of-contents__entry\" href=\"https:\/\/realfluencer.hu\/index.php\/2026\/02\/04\/a-2026-os-milano-cortina-teli-olimpia\/#globalis-es-aktualis-sportnaptar-kontextus\">Glob\u00e1lis \u00e9s aktu\u00e1lis sportnapt\u00e1r kontextus<\/a><\/li><\/ol><\/li><li><a class=\"wp-block-table-of-contents__entry\" href=\"https:\/\/realfluencer.hu\/index.php\/2026\/02\/04\/a-2026-os-milano-cortina-teli-olimpia\/#a-februar-6-an-indulo-sportnapok-osszefonodas-az-olimpiaval\">A Febru\u00e1r 6-\u00e1n indul\u00f3 sportnapok: \u00f6sszefon\u00f3d\u00e1s az olimpi\u00e1val<\/a><ol><li><a class=\"wp-block-table-of-contents__entry\" href=\"https:\/\/realfluencer.hu\/index.php\/2026\/02\/04\/a-2026-os-milano-cortina-teli-olimpia\/#magyar-relevancia-es-nezoi-erdeklodes\">Magyar relevancia \u00e9s n\u00e9z\u0151i \u00e9rdekl\u0151d\u00e9s<\/a><\/li><li><a class=\"wp-block-table-of-contents__entry\" href=\"https:\/\/realfluencer.hu\/index.php\/2026\/02\/04\/a-2026-os-milano-cortina-teli-olimpia\/#a-torteneti-es-infrastrukturalis-szignifikancia\">A t\u00f6rt\u00e9neti \u00e9s infrastruktur\u00e1lis szignifikancia<\/a><\/li><\/ol><\/li><li><a class=\"wp-block-table-of-contents__entry\" href=\"https:\/\/realfluencer.hu\/index.php\/2026\/02\/04\/a-2026-os-milano-cortina-teli-olimpia\/#az-elkovetkezo-hetekben-varhato-merfoldkovek\">Az elk\u00f6vetkez\u0151 hetekben v\u00e1rhat\u00f3 m\u00e9rf\u00f6ldk\u00f6vek<\/a><\/li><\/ol><\/nav>\n\n\n\n<h2 id=\"az-olimpia-idopontja-es-helyszine\" class=\"wp-block-heading\">Az Olimpia id\u0151pontja \u00e9s helysz\u00edne<\/h2>\n\n\n\n<p>A febru\u00e1r 6-22 k\u00f6z\u00f6tti id\u0151szakban zajl\u00f3&nbsp;Milano Cortina 2026 T\u00e9li Olimpia&nbsp;egy\u00e9rtelm\u0171en az elm\u00falt hetekben a leghatalmasabb nemzetk\u00f6zi sporth\u00edr. Olaszorsz\u00e1g t\u00f6rt\u00e9net\u00e9ben ez a harmadik alkalommal, hogy rendez t\u00e9li olimpi\u00e1t \u2013 az el\u0151z\u0151 esetek Cortina d&#8217;Ampezzo (1956) \u00e9s Tur\u00edn (2006) voltak. Az esem\u00e9ny kett\u0151s helysz\u00edn\u0171 rendez\u00e9s\u00e9nek logisztik\u00e1ja szint\u00e9n figyelemrem\u00e9lt\u00f3: Mil\u00e1n\u00f3 \u00e9s k\u00f6rny\u00e9ke t\u00f6bb v\u00e1roshoz hasonl\u00f3an az urb\u00e1nus esem\u00e9nyek (m\u0171korcsolya, gyorskorcsolya, j\u00e9gkorong) f\u0151 sz\u00edntere, m\u00edg a Dolomitok \u00e9s Cortina d&#8217;Ampezzo a havas-jeges sz\u00e1mokat (alpesi s\u00ed, s\u00edfut\u00e1s, snowboard, s\u00edugr\u00e1s) fogadja<\/p>\n\n\n\n<h3 id=\"a-program-osszessege\" class=\"wp-block-heading\">A program \u00f6sszess\u00e9ge<\/h3>\n\n\n\n<p>Az olimpi\u00e1t tradicion\u00e1lisan megel\u0151z\u0151 szuperlat\u00edvok nem v\u00e9letlenek \u2013 az esem\u00e9ny 15 napja alatt h\u00e9t sport\u00e1g, 110 m\u00e9r\u0151sz\u00e1m k\u00e9pezi a verseny t\u00e1rgy\u00e1t. A klasszikus t\u00e9li sz\u00e1mok mellett egyre nagyobb szerepet kapnak az \u00fagynevezett freestyle-sz\u00e9gs\u00e9gek (big air, slopestyle, halfpipe), valamint a snowboard-cross, melyek \u043e\u0441\u043e\u0431\u0435\u043d\u043d\u043e fiatal \u00e9s multim\u00e9di\u00e1lis k\u00f6z\u00f6ns\u00e9get vonzanak. A j\u00e9gkorong a f\u00e9rfi \u00e9s n\u0151i kateg\u00f3ri\u00e1ban is er\u0151s n\u00e9zetts\u00e9get garant\u00e1l, a m\u0171korcsolya \u00e9s p\u00e1rosban val\u00f3 teljes\u00edtm\u00e9nyek ugyan\u00fagy, mint a s\u00ed-szak\u00e1gak szervezeti versenyei.<\/p>\n\n\n\n<h3 id=\"globalis-es-aktualis-sportnaptar-kontextus\" class=\"wp-block-heading\">Glob\u00e1lis \u00e9s aktu\u00e1lis sportnapt\u00e1r kontextus<\/h3>\n\n\n\n<p>Az olimpia szinte k\u00f6nnyed\u00e9n elsorokad a 2026-os \u00e9v \u00f6sszes sportesem\u00e9nye k\u00f6z\u00fcl. Ahogy az ESPN-hez illetve a Enetpulse sportadatokhoz tartoz\u00f3 kalend\u00e1rium felv\u00e1zol, 2026 &#8222;az egyik legjobb sport\u00e9v az elm\u00falt id\u0151ben&#8221; \u2013 \u00e9s erre alapvet\u0151en a t\u00e9li j\u00e1t\u00e9kok, a FIFA Vil\u00e1gbajnoks\u00e1g (j\u00fanius-j\u00falius, Egyes\u00fclt \u00c1llamok, Mexik\u00f3, Kanada) \u00e9s az ICC F\u00e9rfi T20 Vil\u00e1gbajnoks\u00e1g (febru\u00e1r-m\u00e1rcius, Sr\u00ed Lanka \u00e9s India) teljes \u00e9ves menetrendje biztos\u00edtja.<\/p>\n\n\n\n<h2 id=\"a-februar-6-an-indulo-sportnapok-osszefonodas-az-olimpiaval\" class=\"wp-block-heading\">A Febru\u00e1r 6-\u00e1n indul\u00f3 sportnapok: \u00f6sszefon\u00f3d\u00e1s az olimpi\u00e1val<\/h2>\n\n\n\n<p>Az olimpia kezdete egybeesik t\u00f6bbek k\u00f6z\u00f6tt a k\u00f6vetkez\u0151 esem\u00e9nnyel is:<\/p>\n\n\n\n<ul class=\"wp-block-list\">\n<li>Febru\u00e1r 5-\u00e9n: A Rugby Union Six Nations egy nappal az olimpia el\u0151tt m\u00e1r megkezd\u0151dik, els\u0151sorban a Franciaorsz\u00e1g\u2013\u00cdrorsz\u00e1g m\u00e9rk\u0151z\u00e9ssel.\u200b<\/li>\n\n\n\n<li>Febru\u00e1r 8-\u00e1n: A Super Bowl LX zajlik Kaliforni\u00e1ban \u2013 az olimpia folyamata alatt, ami azzal j\u00e1r, hogy n\u00e9zetts\u00e9gi szempontb\u00f3l a k\u00e9t mega-esem\u00e9ny k\u00f6r\u00fclbel\u00fcl azonos id\u0151pontban verseng a k\u00f6z\u00f6ns\u00e9g\u00e9rt, azonban sz\u00fcks\u00e9gszer\u0171en k\u00fcl\u00f6nb\u00f6z\u0151 r\u00e9gi\u00f3kat \u00e9s nyelveket szolg\u00e1lva.\u200b<\/li>\n\n\n\n<li>Febru\u00e1r 7\u2013m\u00e1rcius 8: Az ICC F\u00e9rfi T20 Vil\u00e1gbajnoks\u00e1g kezdet\u00e9t veszi Sr\u00ed Lank\u00e1ban \u00e9s Indi\u00e1ban, szint\u00e9n p\u00e1rhuzamosan az olimpi\u00e1val.\u200b<\/li>\n<\/ul>\n\n\n\n<p>Az olimpia \u00e9s a Super Bowl k\u00f6z\u00f6tti l\u00e1zas szinkroniz\u00e1ci\u00f3 azt jelenti, hogy a m\u00e9diafogyaszt\u00e1s t\u00f6rt\u00e9net\u00e9ben egyed\u00fcl\u00e1ll\u00f3 m\u00f3don k\u00e9t teljesen k\u00fcl\u00f6nb\u00f6z\u0151 k\u00f6z\u00f6ns\u00e9gszegmens verseng egym\u00e1ssal \u2013 az egyik az \u00e9szak-amerikai amerikai futballrajong\u00f3kb\u00f3l \u00e1ll, a m\u00e1sik pedig az olimpiai z\u00e1szl\u00f3val azonosul\u00f3 glob\u00e1lis k\u00f6z\u00f6ns\u00e9gb\u0151l.<\/p>\n\n\n\n<h3 id=\"magyar-relevancia-es-nezoi-erdeklodes\" class=\"wp-block-heading\">Magyar relevancia \u00e9s n\u00e9z\u0151i \u00e9rdekl\u0151d\u00e9s<\/h3>\n\n\n\n<p>Magyarorsz\u00e1g szempontj\u00e1b\u00f3l az olimpia id\u0151z\u00edt\u00e9se k\u00fcl\u00f6n\u00f6sen kedvez\u0151nek bizonyult \u2013 a k\u00f6z\u00e9p-eur\u00f3pai id\u0151z\u00f3na l\u00e9nyeg\u00e9ben megegyezik az esem\u00e9nyek id\u0151pontj\u00e1val, \u00edgy nem kell meglep\u0151en k\u00e9s\u0151 vagy korai \u00f3r\u00e1kon n\u00e9zni \u0151ket. A magyar sportm\u00e9dia is intenz\u00edven k\u00e9sz\u00fclt az esem\u00e9nyre: az Enetpulse adatai szerint az ICC f\u00e9rfi T20 vil\u00e1gbajnoks\u00e1g (febru\u00e1r 7-\u00e9n kezd\u0151dik) k\u00f6zvetlen\u00fcl az olimpia ut\u00e1n k\u00f6vetkezik a napt\u00e1rban, \u00edgy a hazai sporttal foglalkoz\u00f3 weboldalak (Nemzeti Sport \u00e9s m\u00e1s forr\u00e1sok) lelkesen v\u00e1rj\u00e1k mindk\u00e9t glob\u00e1lis esem\u00e9nyt.<\/p>\n\n\n\n<h3 id=\"a-torteneti-es-infrastrukturalis-szignifikancia\" class=\"wp-block-heading\">A t\u00f6rt\u00e9neti \u00e9s infrastruktur\u00e1lis szignifikancia<\/h3>\n\n\n\n<p>Az olaszorsz\u00e1gi helysz\u00edn egy olyan orsz\u00e1g visszat\u00e9r\u00e9s\u00e9t jelenti a t\u00e9li olimpiai p\u00e1ly\u00e1ra, amely mag\u00e1ban hordozza az 1956-os Cortina-j\u00e1t\u00e9kokon, valamint a 2006-os Turin-olimpi\u00e1n szerzett tapasztalatokat. A Milano-Cortina 2026 azt is demonstr\u00e1lja, hogy az olimpiai infrastrukt\u00fara fejleszt\u00e9s\u00e9nek nyomait 50-70 \u00e9v eltelt\u00e9vel is megtartj\u00e1k az orsz\u00e1gok \u2013 Cortina \u00fajj\u00e1alak\u00edt\u00e1sa egy &#8222;r\u00e9gi-\u00faj&#8221; helysz\u00edn koncepci\u00f3j\u00e1nak gyakorlata.<\/p>\n\n\n\n<h2 id=\"az-elkovetkezo-hetekben-varhato-merfoldkovek\" class=\"wp-block-heading\">Az elk\u00f6vetkez\u0151 hetekben v\u00e1rhat\u00f3 m\u00e9rf\u00f6ldk\u00f6vek<\/h2>\n\n\n\n<p>Amint az olimpia febru\u00e1r 22-\u00e9n z\u00e1rulni fog, a Winter Paralympics (m\u00e1rcius 6-15) k\u00f6zel egy h\u00e9t ut\u00e1n veszi \u00e1t a helysz\u00ednt, az olimpiai infrastrukt\u00fara m\u00e1sodlagos versenyelemek\u00e9nt. Ez az esem\u00e9nyszekvencia azt mutatja, hogy It\u00e1lia az olimpiai faluban, az ar\u00e9n\u00e1kban \u00e9s az infrastrukt\u00far\u00e1ban egy bizonyos v\u00e9gtelens\u00e9g-orient\u00e1lt megk\u00f6zel\u00edt\u00e9st k\u00f6vet, mely az olyan t\u00f6bbf\u00e9le versenyz\u0151i popul\u00e1ci\u00f3t szolg\u00e1lja, mint a fogyat\u00e9kkal \u00e9l\u0151 atl\u00e9t\u00e1knak fenntartott sport\u00e1gak.<\/p>\n\n\n\n<p><\/p>\n","protected":false},"excerpt":{"rendered":"<p>Az Olimpia id\u0151pontja \u00e9s helysz\u00edne A febru\u00e1r 6-22 k\u00f6z\u00f6tti id\u0151szakban zajl\u00f3&nbsp;Milano Cortina 2026 T\u00e9li Olimpia&nbsp;egy\u00e9rtelm\u0171en az elm\u00falt hetekben a leghatalmasabb nemzetk\u00f6zi sporth\u00edr. Olaszorsz\u00e1g t\u00f6rt\u00e9net\u00e9ben ez a harmadik alkalommal, hogy rendez t\u00e9li olimpi\u00e1t \u2013 az el\u0151z\u0151 esetek Cortina d&#8217;Ampezzo (1956) \u00e9s Tur\u00edn (2006) voltak. Az esem\u00e9ny kett\u0151s helysz\u00edn\u0171 rendez\u00e9s\u00e9nek logisztik\u00e1ja szint\u00e9n figyelemrem\u00e9lt\u00f3: Mil\u00e1n\u00f3 \u00e9s k\u00f6rny\u00e9ke t\u00f6bb [&hellip;]<\/p>\n","protected":false},"author":2,"featured_media":556,"comment_status":"open","ping_status":"open","sticky":false,"template":"","format":"standard","meta":{"footnotes":""},"categories":[6],"tags":[187,186,184,183,185,182],"class_list":["post-555","post","type-post","status-publish","format-standard","has-post-thumbnail","hentry","category-sport","tag-espn","tag-fifa","tag-icc","tag-milano-cortina","tag-super-bowl","tag-teli-olimpia"],"_links":{"self":[{"href":"https:\/\/realfluencer.hu\/index.php\/wp-json\/wp\/v2\/posts\/555","targetHints":{"allow":["GET"]}}],"collection":[{"href":"https:\/\/realfluencer.hu\/index.php\/wp-json\/wp\/v2\/posts"}],"about":[{"href":"https:\/\/realfluencer.hu\/index.php\/wp-json\/wp\/v2\/types\/post"}],"author":[{"embeddable":true,"href":"https:\/\/realfluencer.hu\/index.php\/wp-json\/wp\/v2\/users\/2"}],"replies":[{"embeddable":true,"href":"https:\/\/realfluencer.hu\/index.php\/wp-json\/wp\/v2\/comments?post=555"}],"version-history":[{"count":3,"href":"https:\/\/realfluencer.hu\/index.php\/wp-json\/wp\/v2\/posts\/555\/revisions"}],"predecessor-version":[{"id":754,"href":"https:\/\/realfluencer.hu\/index.php\/wp-json\/wp\/v2\/posts\/555\/revisions\/754"}],"wp:featuredmedia":[{"embeddable":true,"href":"https:\/\/realfluencer.hu\/index.php\/wp-json\/wp\/v2\/media\/556"}],"wp:attachment":[{"href":"https:\/\/realfluencer.hu\/index.php\/wp-json\/wp\/v2\/media?parent=555"}],"wp:term":[{"taxonomy":"category","embeddable":true,"href":"https:\/\/realfluencer.hu\/index.php\/wp-json\/wp\/v2\/categories?post=555"},{"taxonomy":"post_tag","embeddable":true,"href":"https:\/\/realfluencer.hu\/index.php\/wp-json\/wp\/v2\/tags?post=555"}],"curies":[{"name":"wp","href":"https:\/\/api.w.org\/{rel}","templated":true}]}}