{"id":535,"date":"2026-02-03T21:06:40","date_gmt":"2026-02-03T21:06:40","guid":{"rendered":"https:\/\/realfluencer.hu\/?p=535"},"modified":"2026-02-03T21:06:40","modified_gmt":"2026-02-03T21:06:40","slug":"az-elmult-par-het-magyar-celebjelensegei","status":"publish","type":"post","link":"https:\/\/realfluencer.hu\/index.php\/2026\/02\/03\/az-elmult-par-het-magyar-celebjelensegei\/","title":{"rendered":"Az elm\u00falt p\u00e1r h\u00e9t magyar celebjelens\u00e9gei"},"content":{"rendered":"<div class=\"wp-block-post-time-to-read\">1\u20132 minutes<\/div>\n\n\n<h2 class=\"wp-block-heading\">Gy\u00e1szos h\u00edrek<\/h2>\n\n\n<p>A h\u00e9t legmegr\u00e1z\u00f3bb h\u00edre Feny\u0151 Mikl\u00f3s hal\u00e1la volt. A legend\u00e1s magyar muzsikus febru\u00e1r 1-\u00e9n hunyt el 78 \u00e9ves kor\u00e1ban. Menedzsere, K\u00f6rnyei Attila megt\u00f6rten nyilatkozott az esetr\u0151l, elmondva, hogy m\u00e9g turn\u00e9t terveztek, de a m\u0171v\u00e9sz szervezete v\u00e9g\u00fcl nem tudott tov\u00e1bbellen\u00e1llni a betegs\u00e9gnek. Tragikus, hogy a h\u00e9tre pont febru\u00e1r 8-ra volt m\u00e1r egy tervezett fell\u00e9p\u00e9se.<\/p>\n\n\n<h2 class=\"wp-block-heading\">Szexu\u00e1lis er\u0151szak \u00e9s v\u00e1l\u00e1s nyom\u00e1n \u00fajabb h\u00edrek<\/h2>\n\n\n<p>Bor\u00e1ros G\u00e1bor az elm\u00falt napokban t\u00f6bbsz\u00f6r foglalkoztatott meg a sajt\u00f3t. A ketrecharcos k\u00f6z\u00f6ss\u00e9gi oldal\u00e1n jelentette be, hogy megjelenik J\u00e1kli M\u00f3nika b\u00facs\u00faztat\u00e1s\u00e1n, akire \u00e9vek \u00f3ta viaskodott. Arra is v\u00e1laszt adott, hogy egy t\u00e1voltart\u00e1si v\u00e9gz\u00e9sr\u0151l sz\u00f3l\u00f3 kor\u00e1bbi sajt\u00f3h\u00edrek val\u00f3sak-e. Friss inform\u00e1ci\u00f3 pedig az, hogy \u00faj bar\u00e1tn\u0151je szint\u00e9n aut\u00f3balesetet szenvedett az elm\u00falt id\u0151szakban.<\/p>\n\n\n<h2 class=\"wp-block-heading\">Mag\u00e1n\u00e9leti \u00f6r\u00f6m\u00f6k \u00e9s v\u00e1ltoz\u00e1sok<\/h2>\n\n\n<p>Moln\u00e1r Guszt\u00e1v sz\u00e1m\u00e1ra nagy fordulat az elm\u00falt id\u0151szak: h\u00e1zass\u00e1ga ut\u00e1n 2026-ban gyermek\u00e1ld\u00e1s \u00e9rkezik az \u00e9let\u00fckbe. A Szt\u00e1rbox-szerepl\u00e9s \u00e1ltal ismert sz\u00edn\u00e9sz \u00e9vekig tart\u00f3 m\u00e9lyrep\u00fcl\u00e9s ut\u00e1n keres stabilit\u00e1st.<\/p>\n\n\n<h2 class=\"wp-block-heading\">Bang\u00f3 Margit eg\u00e9szs\u00e9ge<\/h2>\n\n\n<p>A Kossuth-d\u00edjas \u00e9nekesn\u0151 az elm\u00falt napokban ker\u00fclt ki a szalagc\u00edmekbe, egy megr\u00e1z\u00f3 harc az eg\u00e9szs\u00e9g\u00e9\u00e9rt, mint \u00edrt\u00e1k a sajt\u00f3forr\u00e1sok.<\/p>\n\n\n<h2 class=\"wp-block-heading\">Telelev\u00edzi\u00f3s h\u00edrek \u00e9s m\u0171sorvezet\u00e9si v\u00e1ltoz\u00e1sok<\/h2>\n\n\n<p>A Megaszt\u00e1r 2026-os \u00e9vada k\u00f6r\u00fcl t\u00f6bbf\u00e9le bejelent\u00e9s t\u00f6rt\u00e9nt az elm\u00falt hetekben. \u00daj zs\u0171ritag Balogh Edina is bejelentett az elm\u00falt napokban. A kor\u00e1bbi \u00e9vad kritik\u00e1val illett \u00f6ssze a zs\u0171ri \u00f6sszet\u00e9tele miatt, ez\u00e9rt \u00fajabb v\u00e1ltoz\u00e1sok v\u00e1rhat\u00f3k az \u00faj szezonban.<\/p>\n\n\n<h2 class=\"wp-block-heading\"><strong>M\u00e9g ez is:<\/strong><\/h2>\n\n\n<p>ByeAlex az elm\u00falt napokban k\u00e9sz\u00fcl fell\u00e9p\u00e9s\u00e9re, \u00e9s megosztotta a k\u00f6vet\u0151ivel, hogy k\u00e9sz\u00fcl\u0151 reg\u00e9nye is vannak, valamint azt is el\u00e1rulta, hogy kis h\u00edj\u00e1n Magyarorsz\u00e1g elhagy\u00e1sa mellett d\u00f6nt\u00f6tt volna.<\/p>\n\n\n<h2 class=\"wp-block-heading\">Zenei \u00e9s filmbejelent\u00e9sek<\/h2>\n\n\n<p><strong>Herendi G\u00e1bor<\/strong> egy kar\u00e1csonyi csal\u00e1di v\u00edgj\u00e1t\u00e9kon dolgozik 2026-ra, amelyet az elm\u00falt napok bejelent\u00e9s\u00e9b\u0151l \u00e9rtes\u00fcltek a rajong\u00f3k.\u200b<\/p>\n<p>Az elm\u00falt hetekben sz\u00e1mos sz\u00fclet\u00e9snap is napirendre ker\u00fclt \u2013 <strong>Bereczki Zolt\u00e1n<\/strong>, <strong>Szinet\u00e1r D\u00f3ra<\/strong>, <strong>Lilu<\/strong> \u00e9s m\u00e1sok az \u00f6t\u00f6dik iksz\u00e9hez \u00e9rkeznek 2026-ban.<\/p>\n\n\n<p><\/p>\n","protected":false},"excerpt":{"rendered":"<p>Gy\u00e1szos h\u00edrek A h\u00e9t legmegr\u00e1z\u00f3bb h\u00edre Feny\u0151 Mikl\u00f3s hal\u00e1la volt. A legend\u00e1s magyar muzsikus febru\u00e1r 1-\u00e9n hunyt el 78 \u00e9ves kor\u00e1ban. Menedzsere, K\u00f6rnyei Attila megt\u00f6rten nyilatkozott az esetr\u0151l, elmondva, hogy m\u00e9g turn\u00e9t terveztek, de a m\u0171v\u00e9sz szervezete v\u00e9g\u00fcl nem tudott tov\u00e1bbellen\u00e1llni a betegs\u00e9gnek. Tragikus, hogy a h\u00e9tre pont febru\u00e1r 8-ra volt m\u00e1r egy tervezett fell\u00e9p\u00e9se. [&hellip;]<\/p>\n","protected":false},"author":2,"featured_media":538,"comment_status":"open","ping_status":"open","sticky":false,"template":"","format":"standard","meta":{"footnotes":""},"categories":[5],"tags":[181,180],"class_list":["post-535","post","type-post","status-publish","format-standard","has-post-thumbnail","hentry","category-sztarvilag","tag-bulvar-hirek","tag-celeb"],"_links":{"self":[{"href":"https:\/\/realfluencer.hu\/index.php\/wp-json\/wp\/v2\/posts\/535","targetHints":{"allow":["GET"]}}],"collection":[{"href":"https:\/\/realfluencer.hu\/index.php\/wp-json\/wp\/v2\/posts"}],"about":[{"href":"https:\/\/realfluencer.hu\/index.php\/wp-json\/wp\/v2\/types\/post"}],"author":[{"embeddable":true,"href":"https:\/\/realfluencer.hu\/index.php\/wp-json\/wp\/v2\/users\/2"}],"replies":[{"embeddable":true,"href":"https:\/\/realfluencer.hu\/index.php\/wp-json\/wp\/v2\/comments?post=535"}],"version-history":[{"count":1,"href":"https:\/\/realfluencer.hu\/index.php\/wp-json\/wp\/v2\/posts\/535\/revisions"}],"predecessor-version":[{"id":537,"href":"https:\/\/realfluencer.hu\/index.php\/wp-json\/wp\/v2\/posts\/535\/revisions\/537"}],"wp:featuredmedia":[{"embeddable":true,"href":"https:\/\/realfluencer.hu\/index.php\/wp-json\/wp\/v2\/media\/538"}],"wp:attachment":[{"href":"https:\/\/realfluencer.hu\/index.php\/wp-json\/wp\/v2\/media?parent=535"}],"wp:term":[{"taxonomy":"category","embeddable":true,"href":"https:\/\/realfluencer.hu\/index.php\/wp-json\/wp\/v2\/categories?post=535"},{"taxonomy":"post_tag","embeddable":true,"href":"https:\/\/realfluencer.hu\/index.php\/wp-json\/wp\/v2\/tags?post=535"}],"curies":[{"name":"wp","href":"https:\/\/api.w.org\/{rel}","templated":true}]}}